[{"command":"settings","settings":{"pluralDelimiter":"\u0003","ks_filters":{"library":"stacktable","table_type":"stacktable"},"user":{"uid":0,"permissionsHash":"5a9318b3d2ecc4cf1c1625a038e7a48c2a4268b2a9e978aaf2b0603d5dba0a4b"}},"merge":true},{"command":"add_css","data":[{"rel":"stylesheet","media":"all","href":"\/sites\/default\/files\/css\/css_29tjaqVfSYDOvdAlfl8L-IG0FJ_o4Kz-JV17wrx_MK8.css?delta=0\u0026language=fi\u0026theme=puustelli\u0026include=eJxNyUEKACEIAMAPrfSkxUpC1jTSiH6_164zn7_CeeJk8uSB5QvMQs9Yy4NEOHWqjADcsd2sVglg0HRTgG4V5dp9nPdpUEyDNH77cSe0"},{"rel":"stylesheet","media":"all","href":"\/sites\/default\/files\/css\/css_f_0VlpQUNHsS3RKR9WGKDrA7Y2otZFJ30njobp9MqiM.css?delta=1\u0026language=fi\u0026theme=puustelli\u0026include=eJxNyUEKACEIAMAPrfSkxUpC1jTSiH6_164zn7_CeeJk8uSB5QvMQs9Yy4NEOHWqjADcsd2sVglg0HRTgG4V5dp9nPdpUEyDNH77cSe0"}]},{"command":"add_js","selector":"body","data":[{"src":"\/core\/assets\/vendor\/jquery\/jquery.min.js?v=4.0.0-rc.1"},{"src":"\/sites\/default\/files\/js\/js_I08VxmOswtQvP7505PygiXwWo1VU8n18O1CRYsXSqII.js?scope=footer\u0026delta=1\u0026language=fi\u0026theme=puustelli\u0026include=eJzLLo5Py8wpSS0q1i8uSUzOLklMyknVKSgtLS5JzcnJjM_NT0nM0QeTAH5yET8"}]},{"command":"openDialog","selector":"#drupal-modal","settings":null,"data":"\n\n\n\n\t\u003Carticle about=\u0022\/ferri-pakula\u0022 class=\u0022node node--type-person person person--modal\u0022\u003E\n\t\t\u003Cdiv class=\u0022has-description person__inner\u0022\u003E\n\t\t\t\t\t\t\u003Cdiv class=\u0022image-wrapper\u0022\u003E\n\t\t\t\t\n\n\n  \u003Cdiv class=\u0022field field--name-field-image field--type-entity-reference field__items\u0022\u003E\n    \n                  \n\n\u003Carticle class=\u0022media media--type-image media--view-mode-person-image\u0022\u003E\n\t\n\t\t\t\n\n\n  \u003Cdiv class=\u0022field field--name-field-media-image field--type-image field__items\u0022\u003E\n    \n                    \u003Cimg loading=\u0022lazy\u0022 src=\u0022\/sites\/default\/files\/styles\/person_image_small\/public\/2023-08\/Ferri_Pakula_448.jpg?itok=AjPyGoLa\u0022 width=\u0022170\u0022 height=\u0022170\u0022 alt=\u0022Ferri_Pakula_448\u0022 typeof=\u0022foaf:Image\u0022 class=\u0022image-style-person-image-small\u0022 \/\u003E\n\n\n\n            \u003C\/div\u003E\n\n\n\t\u003C\/article\u003E\n\n\n            \u003C\/div\u003E\n\n\n\t\t\t\u003C\/div\u003E\n\t\t\t\u003Cdiv class=\u0022content-wrapper\u0022\u003E\n\t\t\t\t\u003Ch2\u003E\u003Cspan class=\u0022field field--name-title field--type-string field--label-hidden\u0022\u003EFerri Pakula\u003C\/span\u003E\n\u003C\/h2\u003E\n\t\t\t\t\n\n\n  \u003Cdiv class=\u0022field field--name-field-job-title field--type-string field__items\u0022\u003E\n    \n                  Puustelli-yritt\u00e4j\u00e4\n            \u003C\/div\u003E\n\n\n\n\n  \u003Cdiv class=\u0022field field--name-field-phone field--type-string field__items\u0022\u003E\n    \n                  +358 50 357 6065\n            \u003C\/div\u003E\n\n\n\n\n  \u003Cdiv class=\u0022field field--name-field-email field--type-email field__items\u0022\u003E\n    \n                  \u003Ca href=\u0022mailto:ferri.pakula@puustelli.com\u0022\u003Eferri.pakula@puustelli.com\u003C\/a\u003E\n            \u003C\/div\u003E\n\n\n\n\n  \u003Cdiv class=\u0022wysiwyg-content clearfix text-formatted field field--name-body field--type-text-with-summary field__items\u0022\u003E\n    \n                  \u003Cp\u003EFerri on toinen kauppiaistamme. H\u00e4n on tunnettu yst\u00e4v\u00e4llisyydest\u00e4\u00e4n ja palvelualttiista\u003Cbr\u003Easenteestaan. H\u00e4n on valmis auttamaan niin asiakkaita kuin kollegoitaan, jotka tiet\u00e4v\u00e4tkin, ett\u00e4 h\u00e4nelt\u00e4 saa aina tarvittaessa apua.\u003C\/p\u003E\u003Cp\u003EFerrin rauhallinen olemus, ammattitaito ja kyky kuunnella asiakkaita on ehdottomasti h\u00e4nen parhaita puoliaan. H\u00e4n aloitti Puustellissa 2013 ja vuodesta 2018 h\u00e4n on toiminut kauppiaana.\u003Cbr\u003EFerrin mielest\u00e4 yrityksess\u00e4 t\u00e4rkeint\u00e4 ovat tyytyv\u00e4iset asiakkaat ja tietenkin meid\u00e4n upea myyntiporukkamme.\u003C\/p\u003E\u003Cp\u003E\u0022T\u00e4ss\u00e4 ty\u00f6ss\u00e4 ei p\u00e4\u00e4se tylsistym\u00e4\u00e4n, sill\u00e4 myyntimme on niin laajaa. Emme myy pelk\u00e4st\u00e4\u00e4n kaappeja vaan kokonaisuuksia. Trendit muuttuvat ja markkinoille tulee uusia kodinkoneita, materiaaleja ja malleja jatkuvasti. Opittavaa riitt\u00e4\u00e4 koko ajan, mik\u00e4 tekeekin alasta niin kiinnostavan.\u0022\u003C\/p\u003E\n            \u003C\/div\u003E\n\n\n\t\t\t\u003C\/div\u003E\n\t\t\t\t\t\u003C\/div\u003E\n\t\u003C\/article\u003E\n\n\n","dialogOptions":{"modal":true,"title":"Ferri Pakula","classes":{"ui-dialog":"has-description"}}}]