[{"command":"settings","settings":{"pluralDelimiter":"\u0003","ks_filters":{"library":"stacktable","table_type":"stacktable"},"user":{"uid":0,"permissionsHash":"5a9318b3d2ecc4cf1c1625a038e7a48c2a4268b2a9e978aaf2b0603d5dba0a4b"}},"merge":true},{"command":"add_css","data":[{"rel":"stylesheet","media":"all","href":"\/sites\/default\/files\/css\/css_29tjaqVfSYDOvdAlfl8L-IG0FJ_o4Kz-JV17wrx_MK8.css?delta=0\u0026language=fi\u0026theme=puustelli\u0026include=eJxNyUEKACEIAMAPrfSkxUpC1jTSiH6_164zn7_CeeJk8uSB5QvMQs9Yy4NEOHWqjADcsd2sVglg0HRTgG4V5dp9nPdpUEyDNH77cSe0"},{"rel":"stylesheet","media":"all","href":"\/sites\/default\/files\/css\/css_f_0VlpQUNHsS3RKR9WGKDrA7Y2otZFJ30njobp9MqiM.css?delta=1\u0026language=fi\u0026theme=puustelli\u0026include=eJxNyUEKACEIAMAPrfSkxUpC1jTSiH6_164zn7_CeeJk8uSB5QvMQs9Yy4NEOHWqjADcsd2sVglg0HRTgG4V5dp9nPdpUEyDNH77cSe0"}]},{"command":"add_js","selector":"body","data":[{"src":"\/core\/assets\/vendor\/jquery\/jquery.min.js?v=4.0.0-rc.1"},{"src":"\/sites\/default\/files\/js\/js_I08VxmOswtQvP7505PygiXwWo1VU8n18O1CRYsXSqII.js?scope=footer\u0026delta=1\u0026language=fi\u0026theme=puustelli\u0026include=eJzLLo5Py8wpSS0q1i8uSUzOLklMyknVKSgtLS5JzcnJjM_NT0nM0QeTAH5yET8"}]},{"command":"openDialog","selector":"#drupal-modal","settings":null,"data":"\n\n\n\n\t\u003Carticle about=\u0022\/ville-vahakyla\u0022 class=\u0022node node--type-person person person--modal\u0022\u003E\n\t\t\u003Cdiv class=\u0022has-description person__inner\u0022\u003E\n\t\t\t\t\t\t\u003Cdiv class=\u0022image-wrapper\u0022\u003E\n\t\t\t\t\n\n\n  \u003Cdiv class=\u0022field field--name-field-image field--type-entity-reference field__items\u0022\u003E\n    \n                  \n\n\u003Carticle class=\u0022media media--type-image media--view-mode-person-image\u0022\u003E\n\t\n\t\t\t\n\n\n  \u003Cdiv class=\u0022field field--name-field-media-image field--type-image field__items\u0022\u003E\n    \n                    \u003Cimg loading=\u0022lazy\u0022 src=\u0022\/sites\/default\/files\/styles\/person_image_small\/public\/2023-08\/Ville_Va%CC%88ha%CC%88kyla%CC%88_448.jpg?itok=wE4Jlsw7\u0022 width=\u0022170\u0022 height=\u0022170\u0022 alt=\u0022Ville_Va\u0308ha\u0308kyla\u0308_448\u0022 typeof=\u0022foaf:Image\u0022 class=\u0022image-style-person-image-small\u0022 \/\u003E\n\n\n\n            \u003C\/div\u003E\n\n\n\t\u003C\/article\u003E\n\n\n            \u003C\/div\u003E\n\n\n\t\t\t\u003C\/div\u003E\n\t\t\t\u003Cdiv class=\u0022content-wrapper\u0022\u003E\n\t\t\t\t\u003Ch2\u003E\u003Cspan class=\u0022field field--name-title field--type-string field--label-hidden\u0022\u003EVille V\u00e4h\u00e4kyl\u00e4\u003C\/span\u003E\n\u003C\/h2\u003E\n\t\t\t\t\n\n\n  \u003Cdiv class=\u0022field field--name-field-job-title field--type-string field__items\u0022\u003E\n    \n                  Puustelli-yritt\u00e4j\u00e4\n            \u003C\/div\u003E\n\n\n\n\n  \u003Cdiv class=\u0022field field--name-field-phone field--type-string field__items\u0022\u003E\n    \n                  +358 44 213 3288\n            \u003C\/div\u003E\n\n\n\n\n  \u003Cdiv class=\u0022field field--name-field-email field--type-email field__items\u0022\u003E\n    \n                  \u003Ca href=\u0022mailto:ville.vahakyla@puustelli.com\u0022\u003Eville.vahakyla@puustelli.com\u003C\/a\u003E\n            \u003C\/div\u003E\n\n\n\n\n  \u003Cdiv class=\u0022wysiwyg-content clearfix text-formatted field field--name-body field--type-text-with-summary field__items\u0022\u003E\n    \n                  \u003Cp\u003EVille, toinen kauppiaistamme, on useaan otteeseen palkittu myyntity\u00f6st\u00e4\u00e4n \u2013 eik\u00e4 syytt\u00e4!\u003Cbr\u003EH\u00e4n on rauhallinen, erinomainen kuuntelija ja ripe\u00e4 suunnittelija. Villen ideat ja luonnokset syntyv\u00e4t usein jo ensitapaamisella ja asiakas p\u00e4\u00e4see heti n\u00e4kem\u00e4\u00e4n konkreettisen luonnoksen tulevasta keitti\u00f6st\u00e4.\u003C\/p\u003E\u003Cp\u003EVille hallitsee kokonaisuudet alusta loppuun olipa kyseess\u00e4 rakennuttajan kymmenen\u003Cbr\u003Ekohdetta tai yksitt\u00e4isen perheen koti. H\u00e4nell\u00e4 ei suosittelijat lopu kesken; entiset asiakkaat palaavat kerta toisensa j\u00e4lkeen, ja uusia projekteja riitt\u00e4\u00e4 jatkuvasti.\u003C\/p\u003E\u003Cp\u003EVille aloitti kalusteiden myynnin Turun Puustellissa hyvin nuorena ja kokemusta onkin kertynyt jo yli 20 vuoden ajalta. H\u00e4n tuntee alan kuin omat taskunsa!\u003Cbr\u003E\u003Cbr\u003E\u0026nbsp;\u003C\/p\u003E\n            \u003C\/div\u003E\n\n\n\t\t\t\u003C\/div\u003E\n\t\t\t\t\t\u003C\/div\u003E\n\t\u003C\/article\u003E\n\n\n","dialogOptions":{"modal":true,"title":"Ville V\u00e4h\u00e4kyl\u00e4","classes":{"ui-dialog":"has-description"}}}]